{"id":3075,"date":"2020-01-05T20:10:50","date_gmt":"2020-01-05T19:10:50","guid":{"rendered":"http:\/\/www.aventuresalpines.ch\/n\/?p=3075"},"modified":"2020-01-05T20:10:50","modified_gmt":"2020-01-05T19:10:50","slug":"nouvel-an-au-soleil-et-a-la-mer","status":"publish","type":"post","link":"https:\/\/www.aventuresalpines.ch\/n\/2020\/01\/05\/nouvel-an-au-soleil-et-a-la-mer\/","title":{"rendered":"Nouvel an au soleil et \u00e0 la mer"},"content":{"rendered":"<p>Le ciel a \u00e9t\u00e9 g\u00e9n\u00e9reux avec la fine \u00e9quipe partie aux Calanques pour passer le cap du Nouvel An au-dessus de la mer. Pas de vent, un plafond azur la plupart du temps, le rocher blanc et la coulisse marine, nous ont permis de faire le plein de couleurs et de senteurs. Les oreilles se rappelleront des beaux \u00e9changes, des gabians et de l&#8217;accent marseillais&#8230;.<\/p>\n\n\t\t\t<style type='text\/css'>\n\t\t\t\t#gallery-1 {\n\t\t\t\t\tmargin: auto;\n\t\t\t\t}\n\t\t\t\t#gallery-1 .gallery-item {\n\t\t\t\t\tfloat: left;\n\t\t\t\t\tmargin-top: 10px;\n\t\t\t\t\ttext-align: center;\n\t\t\t\t\twidth: 33.33%;\n\t\t\t\t}\n\t\t\t\t#gallery-1 img {\n\t\t\t\t\tborder: 2px solid #cfcfcf;\n\t\t\t\t}\n\t\t\t\t#gallery-1 .gallery-caption {\n\t\t\t\t\tmargin-left: 0;\n\t\t\t\t}\n\t\t\t\t\/* see gallery_shortcode() in wp-includes\/media.php *\/\n\t\t\t<\/style>\n\t\t<div id='gallery-1' class='gallery galleryid-3075 gallery-columns-3 gallery-size-thumbnail file'><dl class='gallery-item'>\n\t\t\t\t<dt class='gallery-icon landscape'>\n\t\t\t\t\t<a href='https:\/\/www.aventuresalpines.ch\/n\/wp-content\/uploads\/2020\/01\/DSC09776-e1578250521141.jpg'><img width=\"150\" height=\"150\" src=\"https:\/\/www.aventuresalpines.ch\/n\/wp-content\/uploads\/2020\/01\/DSC09776-150x150.jpg\" class=\"attachment-thumbnail size-thumbnail\" alt=\"\" loading=\"lazy\" srcset=\"https:\/\/www.aventuresalpines.ch\/n\/wp-content\/uploads\/2020\/01\/DSC09776-150x150.jpg 150w, https:\/\/www.aventuresalpines.ch\/n\/wp-content\/uploads\/2020\/01\/DSC09776-20x20.jpg 20w, https:\/\/www.aventuresalpines.ch\/n\/wp-content\/uploads\/2020\/01\/DSC09776-40x40.jpg 40w, https:\/\/www.aventuresalpines.ch\/n\/wp-content\/uploads\/2020\/01\/DSC09776-60x60.jpg 60w, https:\/\/www.aventuresalpines.ch\/n\/wp-content\/uploads\/2020\/01\/DSC09776-85x85.jpg 85w, https:\/\/www.aventuresalpines.ch\/n\/wp-content\/uploads\/2020\/01\/DSC09776-80x80.jpg 80w\" sizes=\"(max-width: 150px) 100vw, 150px\" \/><\/a>\n\t\t\t\t<\/dt>\n\t\t\t\t\t<dd class='wp-caption-text gallery-caption'>\n\t\t\t\t\tLa vue sur les Goudes, notre base pour la semaine.\n\t\t\t\t\t<\/dd><\/dl><dl class='gallery-item'>\n\t\t\t\t<dt class='gallery-icon portrait'>\n\t\t\t\t\t<a href='https:\/\/www.aventuresalpines.ch\/n\/wp-content\/uploads\/2020\/01\/DSC09774-e1578250179711.jpg'><img width=\"150\" height=\"150\" src=\"https:\/\/www.aventuresalpines.ch\/n\/wp-content\/uploads\/2020\/01\/DSC09774-e1578250179711-150x150.jpg\" class=\"attachment-thumbnail size-thumbnail\" alt=\"\" loading=\"lazy\" srcset=\"https:\/\/www.aventuresalpines.ch\/n\/wp-content\/uploads\/2020\/01\/DSC09774-e1578250179711-150x150.jpg 150w, https:\/\/www.aventuresalpines.ch\/n\/wp-content\/uploads\/2020\/01\/DSC09774-e1578250179711-20x20.jpg 20w, https:\/\/www.aventuresalpines.ch\/n\/wp-content\/uploads\/2020\/01\/DSC09774-e1578250179711-40x40.jpg 40w, https:\/\/www.aventuresalpines.ch\/n\/wp-content\/uploads\/2020\/01\/DSC09774-e1578250179711-60x60.jpg 60w, https:\/\/www.aventuresalpines.ch\/n\/wp-content\/uploads\/2020\/01\/DSC09774-e1578250179711-85x85.jpg 85w, https:\/\/www.aventuresalpines.ch\/n\/wp-content\/uploads\/2020\/01\/DSC09774-e1578250179711-80x80.jpg 80w\" sizes=\"(max-width: 150px) 100vw, 150px\" \/><\/a>\n\t\t\t\t<\/dt><\/dl><dl class='gallery-item'>\n\t\t\t\t<dt class='gallery-icon portrait'>\n\t\t\t\t\t<a href='https:\/\/www.aventuresalpines.ch\/n\/wp-content\/uploads\/2020\/01\/DSC09780-e1578250225910.jpg'><img width=\"150\" height=\"150\" src=\"https:\/\/www.aventuresalpines.ch\/n\/wp-content\/uploads\/2020\/01\/DSC09780-e1578250225910-150x150.jpg\" class=\"attachment-thumbnail size-thumbnail\" alt=\"\" loading=\"lazy\" srcset=\"https:\/\/www.aventuresalpines.ch\/n\/wp-content\/uploads\/2020\/01\/DSC09780-e1578250225910-150x150.jpg 150w, https:\/\/www.aventuresalpines.ch\/n\/wp-content\/uploads\/2020\/01\/DSC09780-e1578250225910-20x20.jpg 20w, https:\/\/www.aventuresalpines.ch\/n\/wp-content\/uploads\/2020\/01\/DSC09780-e1578250225910-40x40.jpg 40w, https:\/\/www.aventuresalpines.ch\/n\/wp-content\/uploads\/2020\/01\/DSC09780-e1578250225910-60x60.jpg 60w, https:\/\/www.aventuresalpines.ch\/n\/wp-content\/uploads\/2020\/01\/DSC09780-e1578250225910-85x85.jpg 85w, https:\/\/www.aventuresalpines.ch\/n\/wp-content\/uploads\/2020\/01\/DSC09780-e1578250225910-80x80.jpg 80w\" sizes=\"(max-width: 150px) 100vw, 150px\" \/><\/a>\n\t\t\t\t<\/dt>\n\t\t\t\t\t<dd class='wp-caption-text gallery-caption'>\n\t\t\t\t\tMalgr\u00e9 une corde mouill\u00e9e pr\u00eat pour Melody\n\t\t\t\t\t<\/dd><\/dl><br style=\"clear: both\" \/><dl class='gallery-item'>\n\t\t\t\t<dt class='gallery-icon portrait'>\n\t\t\t\t\t<a href='https:\/\/www.aventuresalpines.ch\/n\/wp-content\/uploads\/2020\/01\/DSC09781-e1578250622246.jpg'><img width=\"150\" height=\"150\" src=\"https:\/\/www.aventuresalpines.ch\/n\/wp-content\/uploads\/2020\/01\/DSC09781-e1578250553520-150x150.jpg\" class=\"attachment-thumbnail size-thumbnail\" alt=\"\" loading=\"lazy\" srcset=\"https:\/\/www.aventuresalpines.ch\/n\/wp-content\/uploads\/2020\/01\/DSC09781-e1578250553520-150x150.jpg 150w, https:\/\/www.aventuresalpines.ch\/n\/wp-content\/uploads\/2020\/01\/DSC09781-e1578250553520-20x20.jpg 20w, https:\/\/www.aventuresalpines.ch\/n\/wp-content\/uploads\/2020\/01\/DSC09781-e1578250553520-40x40.jpg 40w, https:\/\/www.aventuresalpines.ch\/n\/wp-content\/uploads\/2020\/01\/DSC09781-e1578250553520-60x60.jpg 60w, https:\/\/www.aventuresalpines.ch\/n\/wp-content\/uploads\/2020\/01\/DSC09781-e1578250553520-85x85.jpg 85w, https:\/\/www.aventuresalpines.ch\/n\/wp-content\/uploads\/2020\/01\/DSC09781-e1578250553520-80x80.jpg 80w\" sizes=\"(max-width: 150px) 100vw, 150px\" \/><\/a>\n\t\t\t\t<\/dt>\n\t\t\t\t\t<dd class='wp-caption-text gallery-caption'>\n\t\t\t\t\tAu di\u00e8dre Guem, face \u00e0 la Grande Bleue\n\t\t\t\t\t<\/dd><\/dl><dl class='gallery-item'>\n\t\t\t\t<dt class='gallery-icon landscape'>\n\t\t\t\t\t<a href='https:\/\/www.aventuresalpines.ch\/n\/wp-content\/uploads\/2020\/01\/DSC09795-e1578251424240.jpg'><img width=\"150\" height=\"108\" src=\"https:\/\/www.aventuresalpines.ch\/n\/wp-content\/uploads\/2020\/01\/DSC09795-e1578251424240.jpg\" class=\"attachment-thumbnail size-thumbnail\" alt=\"\" loading=\"lazy\" \/><\/a>\n\t\t\t\t<\/dt><\/dl><dl class='gallery-item'>\n\t\t\t\t<dt class='gallery-icon portrait'>\n\t\t\t\t\t<a href='https:\/\/www.aventuresalpines.ch\/n\/wp-content\/uploads\/2020\/01\/DSC09787-e1578250490304.jpg'><img width=\"150\" height=\"150\" src=\"https:\/\/www.aventuresalpines.ch\/n\/wp-content\/uploads\/2020\/01\/DSC09787-e1578250273458-150x150.jpg\" class=\"attachment-thumbnail size-thumbnail\" alt=\"\" loading=\"lazy\" srcset=\"https:\/\/www.aventuresalpines.ch\/n\/wp-content\/uploads\/2020\/01\/DSC09787-e1578250273458-150x150.jpg 150w, https:\/\/www.aventuresalpines.ch\/n\/wp-content\/uploads\/2020\/01\/DSC09787-e1578250273458-20x20.jpg 20w, https:\/\/www.aventuresalpines.ch\/n\/wp-content\/uploads\/2020\/01\/DSC09787-e1578250273458-40x40.jpg 40w, https:\/\/www.aventuresalpines.ch\/n\/wp-content\/uploads\/2020\/01\/DSC09787-e1578250273458-60x60.jpg 60w, https:\/\/www.aventuresalpines.ch\/n\/wp-content\/uploads\/2020\/01\/DSC09787-e1578250273458-85x85.jpg 85w, https:\/\/www.aventuresalpines.ch\/n\/wp-content\/uploads\/2020\/01\/DSC09787-e1578250273458-80x80.jpg 80w\" sizes=\"(max-width: 150px) 100vw, 150px\" \/><\/a>\n\t\t\t\t<\/dt>\n\t\t\t\t\t<dd class='wp-caption-text gallery-caption'>\n\t\t\t\t\tUn beau rappel pour finir la journ\u00e9e\n\t\t\t\t\t<\/dd><\/dl><br style=\"clear: both\" \/>\n\t\t\t<\/div>\n\n","protected":false},"excerpt":{"rendered":"<p>Le ciel a \u00e9t\u00e9 g\u00e9n\u00e9reux avec la fine \u00e9quipe partie aux Calanques pour passer le cap du Nouvel An au-dessus<span class=\"excerpt-hellip\"> [\u2026]<\/span><\/p>\n","protected":false},"author":21,"featured_media":3076,"comment_status":"open","ping_status":"open","sticky":false,"template":"","format":"standard","meta":{"inline_featured_image":false},"categories":[60,63],"tags":[],"_links":{"self":[{"href":"https:\/\/www.aventuresalpines.ch\/n\/wp-json\/wp\/v2\/posts\/3075"}],"collection":[{"href":"https:\/\/www.aventuresalpines.ch\/n\/wp-json\/wp\/v2\/posts"}],"about":[{"href":"https:\/\/www.aventuresalpines.ch\/n\/wp-json\/wp\/v2\/types\/post"}],"author":[{"embeddable":true,"href":"https:\/\/www.aventuresalpines.ch\/n\/wp-json\/wp\/v2\/users\/21"}],"replies":[{"embeddable":true,"href":"https:\/\/www.aventuresalpines.ch\/n\/wp-json\/wp\/v2\/comments?post=3075"}],"version-history":[{"count":1,"href":"https:\/\/www.aventuresalpines.ch\/n\/wp-json\/wp\/v2\/posts\/3075\/revisions"}],"predecessor-version":[{"id":3082,"href":"https:\/\/www.aventuresalpines.ch\/n\/wp-json\/wp\/v2\/posts\/3075\/revisions\/3082"}],"wp:featuredmedia":[{"embeddable":true,"href":"https:\/\/www.aventuresalpines.ch\/n\/wp-json\/wp\/v2\/media\/3076"}],"wp:attachment":[{"href":"https:\/\/www.aventuresalpines.ch\/n\/wp-json\/wp\/v2\/media?parent=3075"}],"wp:term":[{"taxonomy":"category","embeddable":true,"href":"https:\/\/www.aventuresalpines.ch\/n\/wp-json\/wp\/v2\/categories?post=3075"},{"taxonomy":"post_tag","embeddable":true,"href":"https:\/\/www.aventuresalpines.ch\/n\/wp-json\/wp\/v2\/tags?post=3075"}],"curies":[{"name":"wp","href":"https:\/\/api.w.org\/{rel}","templated":true}]}}