{"id":2515,"date":"2019-09-16T16:07:40","date_gmt":"2019-09-16T14:07:40","guid":{"rendered":"http:\/\/www.aventuresalpines.ch\/n\/?p=2515"},"modified":"2019-09-16T16:07:40","modified_gmt":"2019-09-16T14:07:40","slug":"bishorn-14-15-9-2019","status":"publish","type":"post","link":"https:\/\/www.aventuresalpines.ch\/n\/2019\/09\/16\/bishorn-14-15-9-2019\/","title":{"rendered":"Bishorn 14-15.9.2019"},"content":{"rendered":"<p>Une course classique de fin de saison et souvent le premier 4000 pour certains. C&#8217;\u00e9tait le cas pour la moiti\u00e9 des participants \u00e0 cette ascension qui s&#8217;est d\u00e9roul\u00e9e dans des conditions id\u00e9ales, sans vent ou presque et avec plein de bonne humeur \ud83d\ude42<\/p>\n\n\t\t\t<style type='text\/css'>\n\t\t\t\t#gallery-1 {\n\t\t\t\t\tmargin: auto;\n\t\t\t\t}\n\t\t\t\t#gallery-1 .gallery-item {\n\t\t\t\t\tfloat: left;\n\t\t\t\t\tmargin-top: 10px;\n\t\t\t\t\ttext-align: center;\n\t\t\t\t\twidth: 33.33%;\n\t\t\t\t}\n\t\t\t\t#gallery-1 img {\n\t\t\t\t\tborder: 2px solid #cfcfcf;\n\t\t\t\t}\n\t\t\t\t#gallery-1 .gallery-caption {\n\t\t\t\t\tmargin-left: 0;\n\t\t\t\t}\n\t\t\t\t\/* see gallery_shortcode() in wp-includes\/media.php *\/\n\t\t\t<\/style>\n\t\t<div id='gallery-1' class='gallery galleryid-2515 gallery-columns-3 gallery-size-thumbnail file'><dl class='gallery-item'>\n\t\t\t\t<dt class='gallery-icon landscape'>\n\t\t\t\t\t<a href='https:\/\/www.aventuresalpines.ch\/n\/wp-content\/uploads\/2019\/09\/Photo-14.09.19-13-31-20.jpg'><img width=\"150\" height=\"150\" src=\"https:\/\/www.aventuresalpines.ch\/n\/wp-content\/uploads\/2019\/09\/Photo-14.09.19-13-31-20-150x150.jpg\" class=\"attachment-thumbnail size-thumbnail\" alt=\"\" loading=\"lazy\" srcset=\"https:\/\/www.aventuresalpines.ch\/n\/wp-content\/uploads\/2019\/09\/Photo-14.09.19-13-31-20-150x150.jpg 150w, https:\/\/www.aventuresalpines.ch\/n\/wp-content\/uploads\/2019\/09\/Photo-14.09.19-13-31-20-20x20.jpg 20w, https:\/\/www.aventuresalpines.ch\/n\/wp-content\/uploads\/2019\/09\/Photo-14.09.19-13-31-20-40x40.jpg 40w, https:\/\/www.aventuresalpines.ch\/n\/wp-content\/uploads\/2019\/09\/Photo-14.09.19-13-31-20-60x60.jpg 60w, https:\/\/www.aventuresalpines.ch\/n\/wp-content\/uploads\/2019\/09\/Photo-14.09.19-13-31-20-85x85.jpg 85w, https:\/\/www.aventuresalpines.ch\/n\/wp-content\/uploads\/2019\/09\/Photo-14.09.19-13-31-20-80x80.jpg 80w\" sizes=\"(max-width: 150px) 100vw, 150px\" \/><\/a>\n\t\t\t\t<\/dt>\n\t\t\t\t\t<dd class='wp-caption-text gallery-caption'>\n\t\t\t\t\tEn montant \u00e0 la cabane Tracuit, avec le Weisshorn\n\t\t\t\t\t<\/dd><\/dl><dl class='gallery-item'>\n\t\t\t\t<dt class='gallery-icon landscape'>\n\t\t\t\t\t<a href='https:\/\/www.aventuresalpines.ch\/n\/wp-content\/uploads\/2019\/09\/7AEA04E0-9CEB-4FE1-AB7E-7F2F5EA992E6.jpeg'><img width=\"150\" height=\"150\" src=\"https:\/\/www.aventuresalpines.ch\/n\/wp-content\/uploads\/2019\/09\/7AEA04E0-9CEB-4FE1-AB7E-7F2F5EA992E6-150x150.jpeg\" class=\"attachment-thumbnail size-thumbnail\" alt=\"\" loading=\"lazy\" srcset=\"https:\/\/www.aventuresalpines.ch\/n\/wp-content\/uploads\/2019\/09\/7AEA04E0-9CEB-4FE1-AB7E-7F2F5EA992E6-150x150.jpeg 150w, https:\/\/www.aventuresalpines.ch\/n\/wp-content\/uploads\/2019\/09\/7AEA04E0-9CEB-4FE1-AB7E-7F2F5EA992E6-20x20.jpeg 20w, https:\/\/www.aventuresalpines.ch\/n\/wp-content\/uploads\/2019\/09\/7AEA04E0-9CEB-4FE1-AB7E-7F2F5EA992E6-40x40.jpeg 40w, https:\/\/www.aventuresalpines.ch\/n\/wp-content\/uploads\/2019\/09\/7AEA04E0-9CEB-4FE1-AB7E-7F2F5EA992E6-60x60.jpeg 60w, https:\/\/www.aventuresalpines.ch\/n\/wp-content\/uploads\/2019\/09\/7AEA04E0-9CEB-4FE1-AB7E-7F2F5EA992E6-85x85.jpeg 85w, https:\/\/www.aventuresalpines.ch\/n\/wp-content\/uploads\/2019\/09\/7AEA04E0-9CEB-4FE1-AB7E-7F2F5EA992E6-80x80.jpeg 80w\" sizes=\"(max-width: 150px) 100vw, 150px\" \/><\/a>\n\t\t\t\t<\/dt>\n\t\t\t\t\t<dd class='wp-caption-text gallery-caption'>\n\t\t\t\t\tLa belle cabane Tracuit\n\t\t\t\t\t<\/dd><\/dl><dl class='gallery-item'>\n\t\t\t\t<dt class='gallery-icon landscape'>\n\t\t\t\t\t<a href='https:\/\/www.aventuresalpines.ch\/n\/wp-content\/uploads\/2019\/09\/20190915_065613.jpg'><img width=\"150\" height=\"150\" src=\"https:\/\/www.aventuresalpines.ch\/n\/wp-content\/uploads\/2019\/09\/20190915_065613-150x150.jpg\" class=\"attachment-thumbnail size-thumbnail\" alt=\"\" loading=\"lazy\" srcset=\"https:\/\/www.aventuresalpines.ch\/n\/wp-content\/uploads\/2019\/09\/20190915_065613-150x150.jpg 150w, https:\/\/www.aventuresalpines.ch\/n\/wp-content\/uploads\/2019\/09\/20190915_065613-20x20.jpg 20w, https:\/\/www.aventuresalpines.ch\/n\/wp-content\/uploads\/2019\/09\/20190915_065613-40x40.jpg 40w, https:\/\/www.aventuresalpines.ch\/n\/wp-content\/uploads\/2019\/09\/20190915_065613-60x60.jpg 60w, https:\/\/www.aventuresalpines.ch\/n\/wp-content\/uploads\/2019\/09\/20190915_065613-85x85.jpg 85w, https:\/\/www.aventuresalpines.ch\/n\/wp-content\/uploads\/2019\/09\/20190915_065613-80x80.jpg 80w\" sizes=\"(max-width: 150px) 100vw, 150px\" \/><\/a>\n\t\t\t\t<\/dt>\n\t\t\t\t\t<dd class='wp-caption-text gallery-caption'>\n\t\t\t\t\tLa lune se couche et le jour se l\u00e8ve&#8230;\n\t\t\t\t\t<\/dd><\/dl><br style=\"clear: both\" \/><dl class='gallery-item'>\n\t\t\t\t<dt class='gallery-icon landscape'>\n\t\t\t\t\t<a href='https:\/\/www.aventuresalpines.ch\/n\/wp-content\/uploads\/2019\/09\/20190915_065620.jpg'><img width=\"150\" height=\"150\" src=\"https:\/\/www.aventuresalpines.ch\/n\/wp-content\/uploads\/2019\/09\/20190915_065620-150x150.jpg\" class=\"attachment-thumbnail size-thumbnail\" alt=\"\" loading=\"lazy\" srcset=\"https:\/\/www.aventuresalpines.ch\/n\/wp-content\/uploads\/2019\/09\/20190915_065620-150x150.jpg 150w, https:\/\/www.aventuresalpines.ch\/n\/wp-content\/uploads\/2019\/09\/20190915_065620-20x20.jpg 20w, https:\/\/www.aventuresalpines.ch\/n\/wp-content\/uploads\/2019\/09\/20190915_065620-40x40.jpg 40w, https:\/\/www.aventuresalpines.ch\/n\/wp-content\/uploads\/2019\/09\/20190915_065620-60x60.jpg 60w, https:\/\/www.aventuresalpines.ch\/n\/wp-content\/uploads\/2019\/09\/20190915_065620-85x85.jpg 85w, https:\/\/www.aventuresalpines.ch\/n\/wp-content\/uploads\/2019\/09\/20190915_065620-80x80.jpg 80w\" sizes=\"(max-width: 150px) 100vw, 150px\" \/><\/a>\n\t\t\t\t<\/dt>\n\t\t\t\t\t<dd class='wp-caption-text gallery-caption'>\n\t\t\t\t\tle soleil arrive bient\u00f4t\n\t\t\t\t\t<\/dd><\/dl><dl class='gallery-item'>\n\t\t\t\t<dt class='gallery-icon landscape'>\n\t\t\t\t\t<a href='https:\/\/www.aventuresalpines.ch\/n\/wp-content\/uploads\/2019\/09\/Photo-15.09.19-07-08-46.jpg'><img width=\"150\" height=\"150\" src=\"https:\/\/www.aventuresalpines.ch\/n\/wp-content\/uploads\/2019\/09\/Photo-15.09.19-07-08-46-150x150.jpg\" class=\"attachment-thumbnail size-thumbnail\" alt=\"\" loading=\"lazy\" srcset=\"https:\/\/www.aventuresalpines.ch\/n\/wp-content\/uploads\/2019\/09\/Photo-15.09.19-07-08-46-150x150.jpg 150w, https:\/\/www.aventuresalpines.ch\/n\/wp-content\/uploads\/2019\/09\/Photo-15.09.19-07-08-46-20x20.jpg 20w, https:\/\/www.aventuresalpines.ch\/n\/wp-content\/uploads\/2019\/09\/Photo-15.09.19-07-08-46-40x40.jpg 40w, https:\/\/www.aventuresalpines.ch\/n\/wp-content\/uploads\/2019\/09\/Photo-15.09.19-07-08-46-60x60.jpg 60w, https:\/\/www.aventuresalpines.ch\/n\/wp-content\/uploads\/2019\/09\/Photo-15.09.19-07-08-46-85x85.jpg 85w, https:\/\/www.aventuresalpines.ch\/n\/wp-content\/uploads\/2019\/09\/Photo-15.09.19-07-08-46-80x80.jpg 80w\" sizes=\"(max-width: 150px) 100vw, 150px\" \/><\/a>\n\t\t\t\t<\/dt>\n\t\t\t\t\t<dd class='wp-caption-text gallery-caption'>\n\t\t\t\t\tQueleues beaux trous dans la premi\u00e8re partie du glacier\n\t\t\t\t\t<\/dd><\/dl><dl class='gallery-item'>\n\t\t\t\t<dt class='gallery-icon landscape'>\n\t\t\t\t\t<a href='https:\/\/www.aventuresalpines.ch\/n\/wp-content\/uploads\/2019\/09\/Photo-15.09.19-09-53-14.jpg'><img width=\"150\" height=\"150\" src=\"https:\/\/www.aventuresalpines.ch\/n\/wp-content\/uploads\/2019\/09\/Photo-15.09.19-09-53-14-150x150.jpg\" class=\"attachment-thumbnail size-thumbnail\" alt=\"\" loading=\"lazy\" srcset=\"https:\/\/www.aventuresalpines.ch\/n\/wp-content\/uploads\/2019\/09\/Photo-15.09.19-09-53-14-150x150.jpg 150w, https:\/\/www.aventuresalpines.ch\/n\/wp-content\/uploads\/2019\/09\/Photo-15.09.19-09-53-14-20x20.jpg 20w, https:\/\/www.aventuresalpines.ch\/n\/wp-content\/uploads\/2019\/09\/Photo-15.09.19-09-53-14-40x40.jpg 40w, https:\/\/www.aventuresalpines.ch\/n\/wp-content\/uploads\/2019\/09\/Photo-15.09.19-09-53-14-60x60.jpg 60w, https:\/\/www.aventuresalpines.ch\/n\/wp-content\/uploads\/2019\/09\/Photo-15.09.19-09-53-14-85x85.jpg 85w, https:\/\/www.aventuresalpines.ch\/n\/wp-content\/uploads\/2019\/09\/Photo-15.09.19-09-53-14-80x80.jpg 80w\" sizes=\"(max-width: 150px) 100vw, 150px\" \/><\/a>\n\t\t\t\t<\/dt>\n\t\t\t\t\t<dd class='wp-caption-text gallery-caption'>\n\t\t\t\t\tLa foto du sommet\n\t\t\t\t\t<\/dd><\/dl><br style=\"clear: both\" \/><dl class='gallery-item'>\n\t\t\t\t<dt class='gallery-icon landscape'>\n\t\t\t\t\t<a href='https:\/\/www.aventuresalpines.ch\/n\/wp-content\/uploads\/2019\/09\/E9615CDB-F886-458C-A435-1EDB629E9B76.jpeg'><img width=\"150\" height=\"150\" src=\"https:\/\/www.aventuresalpines.ch\/n\/wp-content\/uploads\/2019\/09\/E9615CDB-F886-458C-A435-1EDB629E9B76-150x150.jpeg\" class=\"attachment-thumbnail size-thumbnail\" alt=\"\" loading=\"lazy\" srcset=\"https:\/\/www.aventuresalpines.ch\/n\/wp-content\/uploads\/2019\/09\/E9615CDB-F886-458C-A435-1EDB629E9B76-150x150.jpeg 150w, https:\/\/www.aventuresalpines.ch\/n\/wp-content\/uploads\/2019\/09\/E9615CDB-F886-458C-A435-1EDB629E9B76-20x20.jpeg 20w, https:\/\/www.aventuresalpines.ch\/n\/wp-content\/uploads\/2019\/09\/E9615CDB-F886-458C-A435-1EDB629E9B76-40x40.jpeg 40w, https:\/\/www.aventuresalpines.ch\/n\/wp-content\/uploads\/2019\/09\/E9615CDB-F886-458C-A435-1EDB629E9B76-60x60.jpeg 60w, https:\/\/www.aventuresalpines.ch\/n\/wp-content\/uploads\/2019\/09\/E9615CDB-F886-458C-A435-1EDB629E9B76-85x85.jpeg 85w, https:\/\/www.aventuresalpines.ch\/n\/wp-content\/uploads\/2019\/09\/E9615CDB-F886-458C-A435-1EDB629E9B76-80x80.jpeg 80w\" sizes=\"(max-width: 150px) 100vw, 150px\" \/><\/a>\n\t\t\t\t<\/dt>\n\t\t\t\t\t<dd class='wp-caption-text gallery-caption'>\n\t\t\t\t\tLa magnifique vue sur l&#8217;ar\u00eate N du Weisshorn\n\t\t\t\t\t<\/dd><\/dl><dl class='gallery-item'>\n\t\t\t\t<dt class='gallery-icon landscape'>\n\t\t\t\t\t<a href='https:\/\/www.aventuresalpines.ch\/n\/wp-content\/uploads\/2019\/09\/Photo-15.09.19-10-56-04.jpg'><img width=\"150\" height=\"150\" src=\"https:\/\/www.aventuresalpines.ch\/n\/wp-content\/uploads\/2019\/09\/Photo-15.09.19-10-56-04-150x150.jpg\" class=\"attachment-thumbnail size-thumbnail\" alt=\"\" loading=\"lazy\" srcset=\"https:\/\/www.aventuresalpines.ch\/n\/wp-content\/uploads\/2019\/09\/Photo-15.09.19-10-56-04-150x150.jpg 150w, https:\/\/www.aventuresalpines.ch\/n\/wp-content\/uploads\/2019\/09\/Photo-15.09.19-10-56-04-20x20.jpg 20w, https:\/\/www.aventuresalpines.ch\/n\/wp-content\/uploads\/2019\/09\/Photo-15.09.19-10-56-04-40x40.jpg 40w, https:\/\/www.aventuresalpines.ch\/n\/wp-content\/uploads\/2019\/09\/Photo-15.09.19-10-56-04-60x60.jpg 60w, https:\/\/www.aventuresalpines.ch\/n\/wp-content\/uploads\/2019\/09\/Photo-15.09.19-10-56-04-85x85.jpg 85w, https:\/\/www.aventuresalpines.ch\/n\/wp-content\/uploads\/2019\/09\/Photo-15.09.19-10-56-04-80x80.jpg 80w\" sizes=\"(max-width: 150px) 100vw, 150px\" \/><\/a>\n\t\t\t\t<\/dt><\/dl>\n\t\t\t\t<br style='clear: both' \/>\n\t\t\t<\/div>\n\n","protected":false},"excerpt":{"rendered":"<p>Une course classique de fin de saison et souvent le premier 4000 pour certains. C&#8217;\u00e9tait le cas pour la moiti\u00e9<span class=\"excerpt-hellip\"> [\u2026]<\/span><\/p>\n","protected":false},"author":21,"featured_media":2521,"comment_status":"open","ping_status":"open","sticky":false,"template":"","format":"standard","meta":{"inline_featured_image":false},"categories":[59],"tags":[],"_links":{"self":[{"href":"https:\/\/www.aventuresalpines.ch\/n\/wp-json\/wp\/v2\/posts\/2515"}],"collection":[{"href":"https:\/\/www.aventuresalpines.ch\/n\/wp-json\/wp\/v2\/posts"}],"about":[{"href":"https:\/\/www.aventuresalpines.ch\/n\/wp-json\/wp\/v2\/types\/post"}],"author":[{"embeddable":true,"href":"https:\/\/www.aventuresalpines.ch\/n\/wp-json\/wp\/v2\/users\/21"}],"replies":[{"embeddable":true,"href":"https:\/\/www.aventuresalpines.ch\/n\/wp-json\/wp\/v2\/comments?post=2515"}],"version-history":[{"count":1,"href":"https:\/\/www.aventuresalpines.ch\/n\/wp-json\/wp\/v2\/posts\/2515\/revisions"}],"predecessor-version":[{"id":2524,"href":"https:\/\/www.aventuresalpines.ch\/n\/wp-json\/wp\/v2\/posts\/2515\/revisions\/2524"}],"wp:featuredmedia":[{"embeddable":true,"href":"https:\/\/www.aventuresalpines.ch\/n\/wp-json\/wp\/v2\/media\/2521"}],"wp:attachment":[{"href":"https:\/\/www.aventuresalpines.ch\/n\/wp-json\/wp\/v2\/media?parent=2515"}],"wp:term":[{"taxonomy":"category","embeddable":true,"href":"https:\/\/www.aventuresalpines.ch\/n\/wp-json\/wp\/v2\/categories?post=2515"},{"taxonomy":"post_tag","embeddable":true,"href":"https:\/\/www.aventuresalpines.ch\/n\/wp-json\/wp\/v2\/tags?post=2515"}],"curies":[{"name":"wp","href":"https:\/\/api.w.org\/{rel}","templated":true}]}}